{"id":3012,"date":"2025-06-01T20:32:59","date_gmt":"2025-06-01T20:32:59","guid":{"rendered":"https:\/\/spaciosanu.com\/?p=3012"},"modified":"2025-07-10T13:49:12","modified_gmt":"2025-07-10T13:49:12","slug":"i-always-wanted-to-take-care-of-my-skin","status":"publish","type":"post","link":"https:\/\/spaciosanu.com\/es\/i-always-wanted-to-take-care-of-my-skin\/","title":{"rendered":"Siempre quise cuidar mi piel."},"content":{"rendered":"<div data-elementor-type=\"wp-post\" data-elementor-id=\"3012\" class=\"elementor elementor-3012\" data-elementor-post-type=\"post\">\n\t\t\t\t<div data-particle_enable=\"false\" data-particle-mobile-disabled=\"false\" class=\"elementor-element elementor-element-114762f e-flex e-con-boxed e-con e-parent\" data-id=\"114762f\" data-element_type=\"container\" data-e-type=\"container\">\n\t\t\t\t\t<div class=\"e-con-inner\">\n\t\t\t\t<div class=\"elementor-element elementor-element-10abbea elementor-align-end elementor-icon-list--layout-traditional elementor-list-item-link-full_width elementor-widget elementor-widget-icon-list\" data-id=\"10abbea\" data-element_type=\"widget\" data-e-type=\"widget\" data-settings=\"{&quot;wdt_animation_effect&quot;:&quot;none&quot;}\" data-widget_type=\"icon-list.default\">\n\t\t\t\t<div class=\"elementor-widget-container\">\n\t\t\t\t\t\t\t<ul class=\"elementor-icon-list-items\">\n\t\t\t\t\t\t\t<li class=\"elementor-icon-list-item\">\n\t\t\t\t\t\t\t\t\t\t\t<span class=\"elementor-icon-list-icon\">\n\t\t\t\t\t\t\t<i aria-hidden=\"true\" class=\"fas fa-clock\"><\/i>\t\t\t\t\t\t<\/span>\n\t\t\t\t\t\t\t\t\t\t<span class=\"elementor-icon-list-text\">Tiempo de lectura: 2 minutos <\/span>\n\t\t\t\t\t\t\t\t\t<\/li>\n\t\t\t\t\t\t<\/ul>\n\t\t\t\t\t\t<\/div>\n\t\t\t\t<\/div>\n\t\t\t\t\t<\/div>\n\t\t\t\t<\/div>\n\t\t<div data-particle_enable=\"false\" data-particle-mobile-disabled=\"false\" class=\"elementor-element elementor-element-1ac637b4 e-flex e-con-boxed e-con e-parent\" data-id=\"1ac637b4\" data-element_type=\"container\" data-e-type=\"container\">\n\t\t\t\t\t<div class=\"e-con-inner\">\n\t\t\t\t<div class=\"elementor-element elementor-element-11155e3 elementor-widget elementor-widget-text-editor\" data-id=\"11155e3\" data-element_type=\"widget\" data-e-type=\"widget\" data-settings=\"{&quot;wdt_animation_effect&quot;:&quot;none&quot;}\" data-widget_type=\"text-editor.default\">\n\t\t\t\t<div class=\"elementor-widget-container\">\n\t\t\t\t\t\t\t\t\t<p>Esta es la frase que m\u00e1s he escuchado de las personas que he tratado, y de hecho, una de las cosas que tambi\u00e9n me pas\u00f3 a m\u00ed.<\/p><p>Hoy quiero explicar el error en esta frase\u2026<\/p><p>Cuando empec\u00e9 a cuidar mi piel hace unos a\u00f1os, ya ten\u00eda treinta y tantos. Pens\u00e9 que era hora de empezar, y estaba muy equivocada.<\/p><p>Cuando empec\u00e9 a cuidar mi piel como rutina de autocuidado, empec\u00e9 a notar cambios fascinantes: mi piel se ve\u00eda m\u00e1s rejuvenecida, m\u00e1s tersa y suave, con menos imperfecciones, y en general, me gustaba mucho el cambio que ve\u00eda. Pero me preguntaba... \u00bfqu\u00e9 habr\u00eda pasado si hubiera empezado a cuidarme antes de los treinta? Fue entonces cuando empezaron a surgir m\u00e1s preguntas sobre el cuidado de la piel.<\/p>\t\t\t\t\t\t\t\t<\/div>\n\t\t\t\t<\/div>\n\t\t\t\t<div class=\"elementor-element elementor-element-df4ed1e elementor-widget elementor-widget-image\" data-id=\"df4ed1e\" data-element_type=\"widget\" data-e-type=\"widget\" data-settings=\"{&quot;wdt_animation_effect&quot;:&quot;none&quot;}\" data-widget_type=\"image.default\">\n\t\t\t\t<div class=\"elementor-widget-container\">\n\t\t\t\t\t\t\t\t\t\t\t\t\t\t\t<img fetchpriority=\"high\" decoding=\"async\" width=\"300\" height=\"245\" src=\"https:\/\/spaciosanu.com\/wp-content\/uploads\/2025\/06\/qhyblog-300x245.jpg\" class=\"attachment-medium size-medium wp-image-3019\" alt=\"\" srcset=\"https:\/\/spaciosanu.com\/wp-content\/uploads\/2025\/06\/qhyblog-300x245.jpg 300w, https:\/\/spaciosanu.com\/wp-content\/uploads\/2025\/06\/qhyblog-189x154.jpg 189w, https:\/\/spaciosanu.com\/wp-content\/uploads\/2025\/06\/qhyblog.jpg 525w\" sizes=\"(max-width: 300px) 100vw, 300px\" \/>\t\t\t\t\t\t\t\t\t\t\t\t\t\t\t<\/div>\n\t\t\t\t<\/div>\n\t\t\t\t<div class=\"elementor-element elementor-element-c3dffa8 elementor-widget elementor-widget-text-editor\" data-id=\"c3dffa8\" data-element_type=\"widget\" data-e-type=\"widget\" data-settings=\"{&quot;wdt_animation_effect&quot;:&quot;none&quot;}\" data-widget_type=\"text-editor.default\">\n\t\t\t\t<div class=\"elementor-widget-container\">\n\t\t\t\t\t\t\t\t\t<p>Tan solo unos a\u00f1os despu\u00e9s, cuando comenc\u00e9 a estudiar para ser esteticista en la ciudad de Nueva York, todas estas preguntas empezaron a tener respuesta y a partir de entonces me convenc\u00ed de que el cuidado de la piel es m\u00e1s que simplemente aplicar productos o seguir una rutina de pasos.<\/p>\t\t\t\t\t\t\t\t<\/div>\n\t\t\t\t<\/div>\n\t\t\t\t<div class=\"elementor-element elementor-element-cc61253 elementor-widget elementor-widget-image\" data-id=\"cc61253\" data-element_type=\"widget\" data-e-type=\"widget\" data-settings=\"{&quot;wdt_animation_effect&quot;:&quot;none&quot;}\" data-widget_type=\"image.default\">\n\t\t\t\t<div class=\"elementor-widget-container\">\n\t\t\t\t\t\t\t\t\t\t\t\t\t\t\t<img decoding=\"async\" width=\"400\" height=\"622\" src=\"https:\/\/spaciosanu.com\/wp-content\/uploads\/2025\/06\/saltsstyle.png\" class=\"attachment-full size-full wp-image-3020\" alt=\"\" srcset=\"https:\/\/spaciosanu.com\/wp-content\/uploads\/2025\/06\/saltsstyle.png 400w, https:\/\/spaciosanu.com\/wp-content\/uploads\/2025\/06\/saltsstyle-193x300.png 193w, https:\/\/spaciosanu.com\/wp-content\/uploads\/2025\/06\/saltsstyle-99x154.png 99w\" sizes=\"(max-width: 400px) 100vw, 400px\" \/>\t\t\t\t\t\t\t\t\t\t\t\t\t\t\t<\/div>\n\t\t\t\t<\/div>\n\t\t\t\t<div class=\"elementor-element elementor-element-f402c5b elementor-widget elementor-widget-text-editor\" data-id=\"f402c5b\" data-element_type=\"widget\" data-e-type=\"widget\" data-settings=\"{&quot;wdt_animation_effect&quot;:&quot;none&quot;}\" data-widget_type=\"text-editor.default\">\n\t\t\t\t<div class=\"elementor-widget-container\">\n\t\t\t\t\t\t\t\t\t<p>El cuidado de la piel debe ser una consciencia plena, y por eso siempre he estado muy abierta a hablar de ello con mis clientes. No se trata solo de ofrecer un servicio, sino tambi\u00e9n de guiarlos y educarlos sobre la importancia del cuidado de la piel. La piel es un \u00f3rgano del cuerpo y, como tal, requiere cuidados.<\/p>\t\t\t\t\t\t\t\t<\/div>\n\t\t\t\t<\/div>\n\t\t\t\t<div class=\"elementor-element elementor-element-640bc2f elementor-widget elementor-widget-image\" data-id=\"640bc2f\" data-element_type=\"widget\" data-e-type=\"widget\" data-settings=\"{&quot;wdt_animation_effect&quot;:&quot;none&quot;}\" data-widget_type=\"image.default\">\n\t\t\t\t<div class=\"elementor-widget-container\">\n\t\t\t\t\t\t\t\t\t\t\t\t\t\t\t<img decoding=\"async\" width=\"543\" height=\"299\" src=\"https:\/\/spaciosanu.com\/wp-content\/uploads\/2025\/06\/intordcing-salt.png\" class=\"attachment-full size-full wp-image-3021\" alt=\"\" srcset=\"https:\/\/spaciosanu.com\/wp-content\/uploads\/2025\/06\/intordcing-salt.png 543w, https:\/\/spaciosanu.com\/wp-content\/uploads\/2025\/06\/intordcing-salt-300x165.png 300w, https:\/\/spaciosanu.com\/wp-content\/uploads\/2025\/06\/intordcing-salt-220x121.png 220w\" sizes=\"(max-width: 543px) 100vw, 543px\" \/>\t\t\t\t\t\t\t\t\t\t\t\t\t\t\t<\/div>\n\t\t\t\t<\/div>\n\t\t\t\t<div class=\"elementor-element elementor-element-73d94ca elementor-widget elementor-widget-text-editor\" data-id=\"73d94ca\" data-element_type=\"widget\" data-e-type=\"widget\" data-settings=\"{&quot;wdt_animation_effect&quot;:&quot;none&quot;}\" data-widget_type=\"text-editor.default\">\n\t\t\t\t<div class=\"elementor-widget-container\">\n\t\t\t\t\t\t\t\t\t<p>De hecho, empezamos a cuidar nuestra piel desde peque\u00f1os, incluso sin darnos cuenta; porque\u2026 \u00bfacaso no les aplicamos protector solar a los ni\u00f1os cuando se exponen al sol? (Y el protector solar es uno de los productos m\u00e1s importantes para el cuidado de la piel). Por lo tanto, empezamos a cuidar nuestra piel desde peque\u00f1os.<\/p>\t\t\t\t\t\t\t\t<\/div>\n\t\t\t\t<\/div>\n\t\t\t\t<div class=\"elementor-element elementor-element-b7cd237 elementor-widget elementor-widget-image\" data-id=\"b7cd237\" data-element_type=\"widget\" data-e-type=\"widget\" data-settings=\"{&quot;wdt_animation_effect&quot;:&quot;none&quot;}\" data-widget_type=\"image.default\">\n\t\t\t\t<div class=\"elementor-widget-container\">\n\t\t\t\t\t\t\t\t\t\t\t\t\t\t\t<img loading=\"lazy\" decoding=\"async\" width=\"713\" height=\"498\" src=\"https:\/\/spaciosanu.com\/wp-content\/uploads\/2025\/06\/baby-discussing.png\" class=\"attachment-full size-full wp-image-3022\" alt=\"\" srcset=\"https:\/\/spaciosanu.com\/wp-content\/uploads\/2025\/06\/baby-discussing.png 713w, https:\/\/spaciosanu.com\/wp-content\/uploads\/2025\/06\/baby-discussing-300x210.png 300w, https:\/\/spaciosanu.com\/wp-content\/uploads\/2025\/06\/baby-discussing-220x154.png 220w\" sizes=\"(max-width: 713px) 100vw, 713px\" \/>\t\t\t\t\t\t\t\t\t\t\t\t\t\t\t<\/div>\n\t\t\t\t<\/div>\n\t\t\t\t<div class=\"elementor-element elementor-element-2b98ef8 elementor-widget elementor-widget-text-editor\" data-id=\"2b98ef8\" data-element_type=\"widget\" data-e-type=\"widget\" data-settings=\"{&quot;wdt_animation_effect&quot;:&quot;none&quot;}\" data-widget_type=\"text-editor.default\">\n\t\t\t\t<div class=\"elementor-widget-container\">\n\t\t\t\t\t\t\t\t\t<p>Pero les dir\u00eda que, si hablamos de una rutina de cuidado de la piel, la mejor edad para empezar a cuidarnos es la adolescencia. Estos a\u00f1os traen cambios hormonales que pueden provocar problemas de piel como el acn\u00e9 (una de las afecciones cut\u00e1neas m\u00e1s comunes). Por lo tanto, creo que la adolescencia es la mejor edad para empezar; no solo para contrarrestar los cambios hormonales que se reflejan en la piel, sino tambi\u00e9n para crear un h\u00e1bito y una disciplina que pueda continuar en la edad adulta.<\/p><p>Cuando cuidamos nuestra piel durante los veinte a\u00f1os, aseguramos que despu\u00e9s de los treinta lucir\u00e1 mejor, m\u00e1s joven y diferente de una persona que nunca ha cuidado su piel.<\/p><p>Si tienes treinta y tantos a\u00f1os o m\u00e1s, tambi\u00e9n puedes brindarle a tu piel el cuidado necesario para rejuvenecerla y revertir los efectos internos o externos que la afectan. Empec\u00e9 a los treinta y tantos y los resultados han sido visibles incluso con el paso de los a\u00f1os.<\/p><p>Aunque nunca es tarde para empezar, te aseguro que cuanto antes, mejor. Siempre podemos contrarrestar los efectos del envejecimiento, mejorar, revitalizar y rejuvenecer la condici\u00f3n de nuestra piel.<\/p>\t\t\t\t\t\t\t\t<\/div>\n\t\t\t\t<\/div>\n\t\t\t\t<div class=\"elementor-element elementor-element-a98c912 elementor-widget elementor-widget-image\" data-id=\"a98c912\" data-element_type=\"widget\" data-e-type=\"widget\" data-settings=\"{&quot;wdt_animation_effect&quot;:&quot;none&quot;}\" data-widget_type=\"image.default\">\n\t\t\t\t<div class=\"elementor-widget-container\">\n\t\t\t\t\t\t\t\t\t\t\t\t\t\t\t<img loading=\"lazy\" decoding=\"async\" width=\"546\" height=\"368\" src=\"https:\/\/spaciosanu.com\/wp-content\/uploads\/2025\/06\/selfcare.png\" class=\"attachment-full size-full wp-image-3023\" alt=\"\" srcset=\"https:\/\/spaciosanu.com\/wp-content\/uploads\/2025\/06\/selfcare.png 546w, https:\/\/spaciosanu.com\/wp-content\/uploads\/2025\/06\/selfcare-300x202.png 300w, https:\/\/spaciosanu.com\/wp-content\/uploads\/2025\/06\/selfcare-220x148.png 220w\" sizes=\"(max-width: 546px) 100vw, 546px\" \/>\t\t\t\t\t\t\t\t\t\t\t\t\t\t\t<\/div>\n\t\t\t\t<\/div>\n\t\t\t\t\t<\/div>\n\t\t\t\t<\/div>\n\t\t\t\t<\/div>","protected":false},"excerpt":{"rendered":"<p>Reading Time : 2 Minutes This is the phrase I&#8217;ve heard most often from the people I&#8217;ve treated, and in fact, one of the things that also happened to me. Today I want to explain the mistake in this phrase&#8230; When I started taking care of my skin a few years ago, I was well [&hellip;]<\/p>","protected":false},"author":3,"featured_media":3018,"comment_status":"open","ping_status":"open","sticky":false,"template":"","format":"standard","meta":{"footnotes":""},"categories":[58],"tags":[],"class_list":["post-3012","post","type-post","status-publish","format-standard","has-post-thumbnail","hentry","category-general"],"_links":{"self":[{"href":"https:\/\/spaciosanu.com\/es\/wp-json\/wp\/v2\/posts\/3012","targetHints":{"allow":["GET"]}}],"collection":[{"href":"https:\/\/spaciosanu.com\/es\/wp-json\/wp\/v2\/posts"}],"about":[{"href":"https:\/\/spaciosanu.com\/es\/wp-json\/wp\/v2\/types\/post"}],"author":[{"embeddable":true,"href":"https:\/\/spaciosanu.com\/es\/wp-json\/wp\/v2\/users\/3"}],"replies":[{"embeddable":true,"href":"https:\/\/spaciosanu.com\/es\/wp-json\/wp\/v2\/comments?post=3012"}],"version-history":[{"count":25,"href":"https:\/\/spaciosanu.com\/es\/wp-json\/wp\/v2\/posts\/3012\/revisions"}],"predecessor-version":[{"id":3364,"href":"https:\/\/spaciosanu.com\/es\/wp-json\/wp\/v2\/posts\/3012\/revisions\/3364"}],"wp:featuredmedia":[{"embeddable":true,"href":"https:\/\/spaciosanu.com\/es\/wp-json\/wp\/v2\/media\/3018"}],"wp:attachment":[{"href":"https:\/\/spaciosanu.com\/es\/wp-json\/wp\/v2\/media?parent=3012"}],"wp:term":[{"taxonomy":"category","embeddable":true,"href":"https:\/\/spaciosanu.com\/es\/wp-json\/wp\/v2\/categories?post=3012"},{"taxonomy":"post_tag","embeddable":true,"href":"https:\/\/spaciosanu.com\/es\/wp-json\/wp\/v2\/tags?post=3012"}],"curies":[{"name":"gracias","href":"https:\/\/api.w.org\/{rel}","templated":true}]}}